{"id":25265,"date":"2025-09-17T08:00:00","date_gmt":"2025-09-17T06:00:00","guid":{"rendered":"https:\/\/itpatagonia.com\/?p=25265"},"modified":"2026-04-13T22:09:59","modified_gmt":"2026-04-13T20:09:59","slug":"diversidad-en-el-trabajo-en-tecnologia","status":"publish","type":"post","link":"https:\/\/itpatagonia.com\/es\/blog\/diversidad-en-el-trabajo-en-tecnologia","title":{"rendered":"Diversidad en el trabajo: c\u00f3mo evitar la trampa de la homogeneidad y potenciar una mayor productividad, competitividad e innovaci\u00f3n\u00a0"},"content":{"rendered":"<p>La diversidad en el trabajo va mucho m\u00e1s all\u00e1 de ser un compromiso \u00e9tico o un valor cultural. Es un factor estrat\u00e9gico que impacta directamente en la productividad, la competitividad y la capacidad de innovaci\u00f3n de las empresas.<\/p>\n\n\n\n<p>Un equipo diverso re\u00fane miradas distintas, experiencias variadas y formas complementarias de resolver problemas. Esa pluralidad genera un ecosistema donde <strong>las ideas se enriquecen, los desaf\u00edos se analizan desde m\u00faltiples perspectivas y las soluciones resultan m\u00e1s creativas y efectivas<\/strong>.&nbsp;<\/p>\n\n\n\n<p>No se trata solo de tener m\u00e1s voces, sino de c\u00f3mo esas voces potencian la toma de decisiones y reducen el riesgo de caer en la \u2018visi\u00f3n \u00fanica\u2019, que limita las oportunidades de crecimiento.<\/p>\n\n\n\n<p>Con el objetivo de profundizar en la importancia que tiene la diversidad en el trabajo para las organizaciones, conversamos con <a href=\"https:\/\/www.linkedin.com\/in\/carolina-olivera1980\">Carolina Olivera<\/a>, People, Culture and Sustainability Director de <a href=\"https:\/\/itpatagonia.com\/es\/\">IT Patagonia<\/a>, y experta en gesti\u00f3n integral del talento con 20 a\u00f1os de experiencia.<\/p>\n\n\n\n<p>Analizamos el diferencial que aporta la diversidad y los principales beneficios que brinda a la cultura y la competitividad empresarial. En paralelo, exploramos las desventajas que implica carecer de un enfoque heterog\u00e9neo y las consecuencias que conlleva.<\/p>\n\n\n\n<h2 class=\"wp-block-heading\">Impacto de la diversidad en la productividad, la competitividad y la capacidad de innovaci\u00f3n&nbsp;<\/h2>\n\n\n\n<p>Desde el punto de vista de la productividad, est\u00e1 demostrado que <a href=\"https:\/\/itpatagonia.com\/es\/dei-diversidad-equidad-e-inclusion\/\">equipos inclusivos logran mayor compromiso y motivaci\u00f3n<\/a>. Y esto genera un efecto que se traduce en mejor rendimiento y resultados m\u00e1s sostenibles.&nbsp;<\/p>\n\n\n\n<p>En t\u00e9rminos de competitividad, <strong>las organizaciones que promueven la diversidad en el trabajo se posicionan mejor frente a clientes, socios y mercados<\/strong>, que tambi\u00e9n son heterog\u00e9neos y cambiantes.&nbsp;<\/p>\n\n\n\n<p>Si hablamos de innovaci\u00f3n, la diversidad en el trabajo es pr\u00e1cticamente una condici\u00f3n. Cuanto m\u00e1s variados sean los puntos de vista, mayor es la probabilidad de descubrir nuevas formas de hacer las cosas y anticiparse a las necesidades del entorno.<\/p>\n\n\n\n<p>En definitiva, <strong>la diversidad en el trabajo no es un \u201cextra\u201d en la agenda organizacional, sino un motor clave<\/strong> que transforma a las empresas en lugares m\u00e1s justos. Pero tambi\u00e9n m\u00e1s din\u00e1micos, resilientes y preparados para competir en un mundo complejo.<\/p>\n\n\n\n<figure class=\"wp-block-image size-large\"><img fetchpriority=\"high\" decoding=\"async\" width=\"1024\" height=\"389\" src=\"https:\/\/itpatagonia.com\/wp-content\/uploads\/2025\/09\/Diversidad-_imagen3-1024x389.png\" alt=\"En la imagen se ve a un grupo de personas en un entorno de oficina, compartiendo ideas en un ambiente distendido. Las personas est\u00e1n sentadas en forma de ronda.\" class=\"wp-image-25871\" srcset=\"https:\/\/itpatagonia.com\/wp-content\/uploads\/2025\/09\/Diversidad-_imagen3-1024x389.png 1024w, https:\/\/itpatagonia.com\/wp-content\/uploads\/2025\/09\/Diversidad-_imagen3-300x114.png 300w, https:\/\/itpatagonia.com\/wp-content\/uploads\/2025\/09\/Diversidad-_imagen3-768x291.png 768w, https:\/\/itpatagonia.com\/wp-content\/uploads\/2025\/09\/Diversidad-_imagen3-1536x583.png 1536w, https:\/\/itpatagonia.com\/wp-content\/uploads\/2025\/09\/Diversidad-_imagen3-2048x777.png 2048w, https:\/\/itpatagonia.com\/wp-content\/uploads\/2025\/09\/Diversidad-_imagen3-18x7.png 18w, https:\/\/itpatagonia.com\/wp-content\/uploads\/2025\/09\/Diversidad-_imagen3-720x273.png 720w\" sizes=\"(max-width: 1024px) 100vw, 1024px\" \/><figcaption class=\"wp-element-caption\">Con equipos diversos, las ideas se enriquecen, los desaf\u00edos se analizan desde m\u00faltiples perspectivas y las soluciones resultan m\u00e1s creativas y efectivas.<\/figcaption><\/figure>\n\n\n\n<div style=\"height:10px\" aria-hidden=\"true\" class=\"wp-block-spacer\"><\/div>\n\n\n\n<h2 class=\"wp-block-heading\">\u00bfQu\u00e9 diferenciales aportan los equipos diversos al crecimiento de las organizaciones?<\/h2>\n\n\n\n<p>Cuando hay diversidad en el trabajo, se genera m\u00e1s innovaci\u00f3n, mayor capacidad de adaptaci\u00f3n y mejores decisiones.<\/p>\n\n\n\n<p>La diversidad, de g\u00e9nero, de trayectorias, de experiencias y de formas de pensar, enriquece la mirada sobre los problemas y las soluciones.&nbsp;<\/p>\n\n\n\n<p>En el \u00e1mbito de la tecnolog\u00eda, donde constantemente se enfrentan desaf\u00edos complejos, <strong>la diversidad de perspectivas es clave para encontrar respuestas m\u00e1s creativas, completas y efectivas<\/strong>.<\/p>\n\n\n\n<p>Adem\u00e1s, los equipos diversos son m\u00e1s representativos del mundo real. Tanto de los clientes, como de las personas usuarias y de las comunidades. Esto permite dise\u00f1ar productos, servicios y experiencias m\u00e1s inclusivas, que respondan a un p\u00fablico diverso. Tambi\u00e9n est\u00e1 el impacto en la cultura interna. Cuando se construyen entornos donde todas las personas pueden ser valoradas por su talento y aportar desde su autenticidad, <strong>se fortalece el sentido de pertenencia, el compromiso y el trabajo en equipo<\/strong>.<\/p>\n\n\n\n<figure class=\"wp-block-pullquote\"><blockquote><p>\u201cEn IT Patagonia entendemos que la diversidad no es un fin en s\u00ed mismo, sino una forma de potenciar al m\u00e1ximo la inteligencia colectiva. Y eso es, sin duda, un motor de crecimiento\u201d.<br><\/p><cite>Carolina Olivera, People, Culture and Sustainability Director<\/cite><\/blockquote><\/figure>\n\n\n\n<h2 class=\"wp-block-heading\">\u00bfC\u00f3mo se traduce el compromiso con la diversidad en las decisiones del d\u00eda a d\u00eda dentro de la empresa?<\/h2>\n\n\n\n<p>El compromiso con la diversidad en el trabajo se demuestra en las decisiones cotidianas, no solo en los grandes anuncios o pol\u00edticas.&nbsp;&nbsp;<\/p>\n\n\n\n<p>En este sentido, <strong>la verdadera transformaci\u00f3n cultural ocurre cuando los valores se vuelven parte de c\u00f3mo se lidera, se comunica, se decide y se trabaja<\/strong> todos los d\u00edas.<\/p>\n\n\n\n<p>\u201cEn IT Patagonia lo vivimos, por ejemplo, al asegurarnos de que las b\u00fasquedas sean inclusivas, incorporando mujeres en m\u00faltiples funciones y roles de liderazgo. Tambi\u00e9n al gestionar la diversidad generacional, escuchando la experiencias y acompa\u00f1ando para potenciar\u201d, cuenta Carolina.<\/p>\n\n\n\n<p>De igual modo, la diversidad en el trabajo se experimenta o vivencia en nuestro d\u00eda a d\u00eda:<\/p>\n\n\n\n<ul class=\"wp-block-list\">\n<li>Al poner en agenda conversaciones sobre sesgos.<\/li>\n\n\n\n<li>Al visibilizar problem\u00e1ticas sociales de subempleo para el colectivo transgenero.<\/li>\n\n\n\n<li>Al implementar iniciativas que permitan acompa\u00f1ar ajustes para las personas con discapacidades y neurodiversidad.&nbsp;<\/li>\n\n\n\n<li>Al acompa\u00f1ar con empat\u00eda distintas realidades personales y familiares.<\/li>\n<\/ul>\n\n\n\n<p>\u201cCuando la diversidad es un valor real, se nota en los peque\u00f1os gestos, en las decisiones que se toman incluso cuando nadie est\u00e1 mirando. Porque construir una cultura inclusiva no es solo una cuesti\u00f3n de \u00e1reas especializadas, es <a href=\"https:\/\/itpatagonia.com\/es\/great-place-to-work-it-patagonia\/\">una forma de ser y gestionar<\/a>\u201d, enfatiza Carolina.<\/p>\n\n\n\n<figure class=\"wp-block-image size-large\"><img decoding=\"async\" width=\"1024\" height=\"389\" src=\"https:\/\/itpatagonia.com\/wp-content\/uploads\/2025\/09\/Diversidad-_imagen1-1024x389.png\" alt=\"La diversidad, de g\u00e9nero, de trayectorias, de experiencias y de formas de pensar, enriquece la mirada sobre los problemas y las soluciones.\" class=\"wp-image-25869\" srcset=\"https:\/\/itpatagonia.com\/wp-content\/uploads\/2025\/09\/Diversidad-_imagen1-1024x389.png 1024w, https:\/\/itpatagonia.com\/wp-content\/uploads\/2025\/09\/Diversidad-_imagen1-300x114.png 300w, https:\/\/itpatagonia.com\/wp-content\/uploads\/2025\/09\/Diversidad-_imagen1-768x291.png 768w, https:\/\/itpatagonia.com\/wp-content\/uploads\/2025\/09\/Diversidad-_imagen1-1536x583.png 1536w, https:\/\/itpatagonia.com\/wp-content\/uploads\/2025\/09\/Diversidad-_imagen1-2048x777.png 2048w, https:\/\/itpatagonia.com\/wp-content\/uploads\/2025\/09\/Diversidad-_imagen1-18x7.png 18w, https:\/\/itpatagonia.com\/wp-content\/uploads\/2025\/09\/Diversidad-_imagen1-720x273.png 720w\" sizes=\"(max-width: 1024px) 100vw, 1024px\" \/><figcaption class=\"wp-element-caption\">La diversidad, de g\u00e9nero, de trayectorias, de experiencias y de formas de pensar, enriquece la mirada sobre los problemas y las soluciones.<\/figcaption><\/figure>\n\n\n\n<div style=\"height:10px\" aria-hidden=\"true\" class=\"wp-block-spacer\"><\/div>\n\n\n\n<h2 class=\"wp-block-heading\">La trampa de la homogeneidad: desventajas de no contar con equipos diversos<\/h2>\n\n\n\n<p>Una empresa que no desarrolla equipos diversos puede generar m\u00faltiples desventajas que afecten su clima interno y la sostenibilidad del negocio.<\/p>\n\n\n\n<p>Veamos algunas de las problem\u00e1ticas que pueden derivar de una cultura empresarial no inclusiva:<\/p>\n\n\n\n<p>1.<strong> P\u00e9rdida de innovaci\u00f3n y creatividad<\/strong><\/p>\n\n\n\n<p>Cuando todos los integrantes de un equipo comparten trayectorias, contextos y formas de pensar similares, las ideas tienden a repetirse.&nbsp;<\/p>\n\n\n\n<p>Esta din\u00e1mica tiende a limitar la generaci\u00f3n de ideas disruptivas y reduce la capacidad de encontrar soluciones originales a problemas complejos.<\/p>\n\n\n\n<p><strong>La innovaci\u00f3n surge del contraste de miradas y de la posibilidad de cuestionar lo establecido.&nbsp;<\/strong><\/p>\n\n\n\n<p>Sin diversidad en el trabajo, se reduce la capacidad de pensar \u201cfuera de la caja\u201d, lo que puede dejar a la empresa rezagada frente a competidores que s\u00ed incorporan pluralidad de enfoques.<\/p>\n\n\n\n<p>2. <strong>Menor adaptabilidad al cambio<\/strong><\/p>\n\n\n\n<p>El mundo laboral y los mercados evolucionan a gran velocidad. A contramano de esta tendencia, los equipos homog\u00e9neos suelen presentar m\u00e1s resistencia al cambio porque no est\u00e1n acostumbrados a incorporar perspectivas distintas.&nbsp;<\/p>\n\n\n\n<p>La falta de diversidad en el trabajo produce los siguientes efectos en las organizaciones:<\/p>\n\n\n\n<ul class=\"wp-block-list\">\n<li>Disminuye la capacidad de adaptaci\u00f3n a contextos din\u00e1micos y mercados cada vez m\u00e1s globalizados y diversos.<\/li>\n\n\n\n<li>Impide generar la flexibilidad necesaria para responder a nuevos desaf\u00edos, tecnolog\u00edas emergentes o transformaciones sociales y culturales que impactan en los negocios.<\/li>\n<\/ul>\n\n\n\n<p>3. <strong>Decisiones sesgadas<\/strong><\/p>\n\n\n\n<p>Cuando un grupo piensa de manera parecida, es com\u00fan caer en lo que se llama \u201cpensamiento de grupo\u201d. Una din\u00e1mica en la que se privilegia la conformidad y se dejan de lado alternativas innovadoras o puntos de vista cr\u00edticos.&nbsp;<\/p>\n\n\n\n<p>Compartir un trasfondo parecido, aumenta el riesgo de caer en sesgos cognitivos y de confirmar siempre las mismas visiones.<\/p>\n\n\n\n<p>Esto puede llevar a decisiones poco representativas que no consideren a todos los actores involucrados y que produzcan consecuencias negativas a largo plazo.<\/p>\n\n\n\n<p>4. <strong>Dificultades para atraer y retener talento<\/strong><\/p>\n\n\n\n<p>Las personas buscan cada vez m\u00e1s trabajar en entornos donde se <a href=\"https:\/\/itpatagonia.com\/es\/brecha-de-genero-en-tecnologia\/\">valoren la autenticidad, la inclusi\u00f3n y las oportunidades de crecimiento<\/a>.&nbsp;<\/p>\n\n\n\n<p>Las empresas que no promueven la diversidad en el trabajo env\u00edan una se\u00f1al clara al mercado: en su estructura no hay espacio para las disidencias y el pensamiento alternativo.&nbsp;<\/p>\n\n\n\n<p>Una cultura organizacional no inclusiva suele limitar la atracci\u00f3n de profesionales con calificaciones y aumentar la rotaci\u00f3n, lo que afecta la gesti\u00f3n del talento y la continuidad operativa<\/p>\n\n\n\n<p>5. <strong>Desconexi\u00f3n con clientes y mercados<\/strong><\/p>\n\n\n\n<p>Si los equipos no reflejan la diversidad de la sociedad, ser\u00e1 m\u00e1s dif\u00edcil comprender las necesidades de clientes heterog\u00e9neos, con <a href=\"https:\/\/itpatagonia.com\/es\/generacion-silver-trabajo-para-mayores-de-50-a\/\">distintas culturas, edades, identidades, estilos de vida y necesidades<\/a>.&nbsp;<\/p>\n\n\n\n<p>Un equipo poco diverso corre el riesgo de dise\u00f1ar productos, servicios o estrategias de comunicaci\u00f3n que no conecten con esa heterogeneidad.&nbsp;<\/p>\n\n\n\n<p>En consecuencia, la empresa pierde competitividad y deja escapar oportunidades de negocio que s\u00ed podr\u00edan ser captadas por organizaciones m\u00e1s inclusivas. As\u00ed, el impacto negativo en los resultados estar\u00e1 garantizado.<\/p>\n\n\n\n<p>6. <strong>Clima laboral menos saludable<\/strong><\/p>\n\n\n\n<p>La ausencia de diversidad puede derivar en ambientes laborales m\u00e1s r\u00edgidos, con menor tolerancia hacia lo distinto y menos apertura al aprendizaje mutuo.&nbsp;<\/p>\n\n\n\n<p>Un contexto laboral con estas caracter\u00edsticas impacta en forma negativa en la motivaci\u00f3n y el compromiso de las personas. Genera un c\u00edrculo negativo caracterizado por tener menos entusiasmo, menor productividad y mayores probabilidades de conflictos internos o de desafecci\u00f3n hacia la organizaci\u00f3n.<\/p>\n\n\n\n<figure class=\"wp-block-image size-large\"><img decoding=\"async\" width=\"1024\" height=\"389\" src=\"https:\/\/itpatagonia.com\/wp-content\/uploads\/2025\/09\/Diversidad-_imagen2-1024x389.png\" alt=\"En la imagen se ve a un grupo de personas de diferentes edades, antecedentes profesionales y g\u00e9nero trabajando en sus computadoras personales en las oficinas de IT Patagonia.\" class=\"wp-image-25870\" srcset=\"https:\/\/itpatagonia.com\/wp-content\/uploads\/2025\/09\/Diversidad-_imagen2-1024x389.png 1024w, https:\/\/itpatagonia.com\/wp-content\/uploads\/2025\/09\/Diversidad-_imagen2-300x114.png 300w, https:\/\/itpatagonia.com\/wp-content\/uploads\/2025\/09\/Diversidad-_imagen2-768x291.png 768w, https:\/\/itpatagonia.com\/wp-content\/uploads\/2025\/09\/Diversidad-_imagen2-1536x583.png 1536w, https:\/\/itpatagonia.com\/wp-content\/uploads\/2025\/09\/Diversidad-_imagen2-2048x777.png 2048w, https:\/\/itpatagonia.com\/wp-content\/uploads\/2025\/09\/Diversidad-_imagen2-18x7.png 18w, https:\/\/itpatagonia.com\/wp-content\/uploads\/2025\/09\/Diversidad-_imagen2-720x273.png 720w\" sizes=\"(max-width: 1024px) 100vw, 1024px\" \/><figcaption class=\"wp-element-caption\">La diversidad en el trabajo se traduce en beneficios concretos para la productividad, la competitividad y la sostenibilidad de los negocios.<\/figcaption><\/figure>\n\n\n\n<div style=\"height:9px\" aria-hidden=\"true\" class=\"wp-block-spacer\"><\/div>\n\n\n\n<h2 class=\"wp-block-heading\">El c\u00edrculo virtuoso de la heterogeneidad&nbsp;<\/h2>\n\n\n\n<p>La diversidad en el trabajo entendida en t\u00e9rminos de g\u00e9nero, edad, cultura, formaci\u00f3n y experiencias, entre otras dimensiones, <strong>ofrece una riqueza que trasciende lo individual<\/strong>.&nbsp;<\/p>\n\n\n\n<p>Sus efectos se traducen en beneficios concretos para la productividad, la competitividad y la sostenibilidad de los negocios.<\/p>\n\n\n\n<p>As\u00ed como vimos las consecuencias negativas que plantea a las organizaciones la trampa de la homogeneidad, analicemos algunas de las principales ventajas que aporta la diversidad en el trabajo a las empresas:<\/p>\n\n\n\n<p>1. <strong>Mayor innovaci\u00f3n y creatividad<\/strong><\/p>\n\n\n\n<p>Un equipo conformado por personas con historias de vida, culturas y perspectivas distintas tiene m\u00e1s probabilidades de generar ideas novedosas.&nbsp;<\/p>\n\n\n\n<p>La innovaci\u00f3n rara vez surge en entornos homog\u00e9neos, porque all\u00ed prevalece el pensamiento \u00fanico. En cambio, la diversidad en el trabajo alimenta la creatividad al permitir cuestionar lo establecido y plantear alternativas originales. Y esto resulta clave en industrias donde diferenciarse es esencial para sobrevivir y crecer.<\/p>\n\n\n\n<p>2. <strong>Mejora en la toma de decisiones<\/strong><\/p>\n\n\n\n<p>Los equipos diversos tienden a discutir y evaluar m\u00e1s ampliamente los problemas, considerando \u00e1ngulos que no ser\u00edan visibles en grupos homog\u00e9neos.&nbsp;<\/p>\n\n\n\n<p>Esa multiplicidad de puntos de vista ayuda a reducir sesgos inconscientes, detectar riesgos y anticipar consecuencias.&nbsp;<\/p>\n\n\n\n<p>En consecuencia, las decisiones son m\u00e1s s\u00f3lidas, mejor fundamentadas y con mayores probabilidades de \u00e9xito en la pr\u00e1ctica.<\/p>\n\n\n\n<p>3. <strong>Aumento de la productividad<\/strong><\/p>\n\n\n\n<p>Cuando las personas perciben que su identidad y sus diferencias son valoradas, se sienten m\u00e1s motivadas y comprometidas con los objetivos de la empresa.&nbsp;<\/p>\n\n\n\n<p>Ese sentido de pertenencia tiene un impacto directo en la productividad y se traduce en:<\/p>\n\n\n\n<ul class=\"wp-block-list\">\n<li>Mayor energ\u00eda.<\/li>\n\n\n\n<li>Mejores resultados.<\/li>\n\n\n\n<li>Un nivel m\u00e1s alto de colaboraci\u00f3n entre colegas.<\/li>\n<\/ul>\n\n\n\n<p>Diversidad e inclusi\u00f3n, bien gestionadas, act\u00faan como catalizadores del rendimiento.<\/p>\n\n\n\n<p>4. <strong>Mayor adaptabilidad y resiliencia<\/strong><\/p>\n\n\n\n<p>Los entornos empresariales son vol\u00e1tiles e inciertos. Un equipo formado por personas con experiencias diversas es m\u00e1s flexible para enfrentar lo inesperado. Est\u00e1 acostumbrado a lidiar con diferentes formas de pensar y de resolver problemas.&nbsp;<\/p>\n\n\n\n<p>Esa adaptabilidad que aporta la diversidad en el trabajo, se convierte en resiliencia organizacional que permite que la organizaci\u00f3n no solo soporte los cambios, sino que los capitalice como oportunidades.<\/p>\n\n\n\n<p>5. <strong>Atracci\u00f3n y retenci\u00f3n de talento<\/strong><\/p>\n\n\n\n<p>Hoy, las nuevas generaciones <a href=\"https:\/\/blog.greatplacetowork.com.ar\/blog\/lo-que-sabemos-sobre-la-generaci%C3%B3n-z-en-el-lugar-de-trabajo\" target=\"_blank\" rel=\"noreferrer noopener\">eligen organizaciones que promueven la autenticidad y la inclusi\u00f3n<\/a>.<\/p>\n\n\n\n<p>Una empresa que promueve la diversidad en el trabajo, proyecta la imagen de un espacio abierto, justo y equitativo, lo cual se traduce en mayor atractivo para el talento.&nbsp;<\/p>\n\n\n\n<p>Adem\u00e1s, <a href=\"https:\/\/itpatagonia.com\/es\/ser-una-buena-empresa-para-trabajar\/\">retiene y fideliza a sus colaboradores<\/a>, ya que las personas tienden a permanecer en lugares donde sienten que pueden desarrollarse sin tener que ocultar qui\u00e9nes son.<\/p>\n\n\n\n<p>6. <strong>Mejor conexi\u00f3n con clientes y mercados<\/strong><\/p>\n\n\n\n<p>Las personas usuarias y consumidoras de la actualidad son heterog\u00e9neos: <strong>tienen distintos valores, h\u00e1bitos, idiomas, culturas y expectativas<\/strong>.&nbsp;<\/p>\n\n\n\n<p>Un equipo diverso es m\u00e1s representativo de esa realidad y, por ende, comprende mejor al mercado.&nbsp;<\/p>\n\n\n\n<p>Esta mirada permite dise\u00f1ar productos, servicios y estrategias de comunicaci\u00f3n m\u00e1s relevantes y efectivas, que logran un v\u00ednculo m\u00e1s s\u00f3lido con quienes los utilizan.<\/p>\n\n\n\n<p>7. <strong>Clima laboral m\u00e1s saludable<\/strong><\/p>\n\n\n\n<p>La diversidad en el trabajo, acompa\u00f1ada de pol\u00edticas de inclusi\u00f3n, genera entornos donde se fomenta el respeto mutuo y se valora la diferencia. C\u00f3mo consecuencia, se fortalece la colaboraci\u00f3n, se reducen tensiones y se promueve un aprendizaje constante entre pares.&nbsp;<\/p>\n\n\n\n<p>Un buen clima laboral no solo mejora la satisfacci\u00f3n del talento. Tambi\u00e9n repercute en la productividad y en la reputaci\u00f3n de la empresa como empleadora.<\/p>\n\n\n\n<h2 class=\"wp-block-heading\">Importancia de \u2018viralizar\u2019 la diversidad en el trabajo&nbsp;<\/h2>\n\n\n\n<p>La diversidad en los equipos de trabajo no es una tendencia pasajera, sino una ventaja competitiva sostenible.&nbsp;<\/p>\n\n\n\n<p>Las organizaciones que apuestan por ella se vuelven m\u00e1s innovadoras, resilientes y cercanas a sus clientes, al mismo tiempo que fortalecen su cultura interna.&nbsp;<\/p>\n\n\n\n<p>En un mundo cada vez m\u00e1s complejo y plural, la diversidad en el trabajo no es solo un valor: es un motor de crecimiento y diferenciaci\u00f3n.<\/p>\n\n\n\n<p>Si te interesa trabajar en un ecosistema laboral que fomenta la diversidad, equidad e inclusi\u00f3n, <a href=\"https:\/\/itpatagonia.com\/es\/busquedas-laborales\/\">consult\u00e1 nuestras b\u00fasquedas abiertas<\/a>.<\/p>\n\n\n\n<p>Y, si quer\u00e9s saber <a href=\"https:\/\/itpatagonia.com\/es\/sustentabilidad\/\">c\u00f3mo gestionamos la diversidad en IT Patagonia<\/a> y el impacto que estas acciones tienen en las soluciones tecnol\u00f3gicas que ofrecemos a nuestros clientes, <a href=\"https:\/\/itpatagonia.com\/es\/contacto\/\">escribinos<\/a>.<\/p>","protected":false},"excerpt":{"rendered":"<p>En este art\u00edculo analizamos por qu\u00e9 la diversidad en el trabajo es clave para potenciar la productividad, la competitividad y la innovaci\u00f3n. Y c\u00f3mo construir organizaciones m\u00e1s resilientes.<\/p>","protected":false},"author":3,"featured_media":25872,"comment_status":"closed","ping_status":"closed","sticky":false,"template":"","format":"standard","meta":{"_acf_changed":false,"content-type":"","footnotes":""},"categories":[174],"tags":[127,154,121],"class_list":["post-25265","post","type-post","status-publish","format-standard","has-post-thumbnail","hentry","category-sostenibilidad","tag-diversidad","tag-equipos-inclusivos","tag-inclusion"],"acf":[],"yoast_head":"<!-- This site is optimized with the Yoast SEO plugin v27.5 - https:\/\/yoast.com\/product\/yoast-seo-wordpress\/ -->\n<title>Diversidad en el trabajo c\u00f3mo clave para la competitividad %<\/title>\n<meta name=\"description\" content=\"C\u00f3mo evitar la trampa de la homogeneidad en las empresas y construir diversidad en el trabajo como impulsora de competitividad e innovaci\u00f3n.\" \/>\n<meta name=\"robots\" content=\"index, follow, max-snippet:-1, max-image-preview:large, max-video-preview:-1\" \/>\n<link rel=\"canonical\" href=\"https:\/\/itpatagonia.com\/es\/blog\/diversidad-en-el-trabajo-en-tecnologia\/\" \/>\n<meta property=\"og:locale\" content=\"es_ES\" \/>\n<meta property=\"og:type\" content=\"article\" \/>\n<meta property=\"og:title\" content=\"Diversidad en el trabajo c\u00f3mo clave para la competitividad %\" \/>\n<meta property=\"og:description\" content=\"C\u00f3mo evitar la trampa de la homogeneidad en las empresas y construir diversidad en el trabajo como impulsora de competitividad e innovaci\u00f3n.\" \/>\n<meta property=\"og:url\" content=\"https:\/\/itpatagonia.com\/es\/blog\/diversidad-en-el-trabajo-en-tecnologia\/\" \/>\n<meta property=\"og:site_name\" content=\"IT Patagonia\" \/>\n<meta property=\"article:published_time\" content=\"2025-09-17T06:00:00+00:00\" \/>\n<meta property=\"article:modified_time\" content=\"2026-04-13T20:09:59+00:00\" \/>\n<meta property=\"og:image\" content=\"https:\/\/itpatagonia.com\/wp-content\/uploads\/2025\/09\/Diversidad-Portada-ES-scaled.png\" \/>\n\t<meta property=\"og:image:width\" content=\"2560\" \/>\n\t<meta property=\"og:image:height\" content=\"971\" \/>\n\t<meta property=\"og:image:type\" content=\"image\/png\" \/>\n<meta name=\"author\" content=\"Valeria Frick\" \/>\n<meta name=\"twitter:card\" content=\"summary_large_image\" \/>\n<meta name=\"twitter:label1\" content=\"Escrito por\" \/>\n\t<meta name=\"twitter:data1\" content=\"Valeria Frick\" \/>\n\t<meta name=\"twitter:label2\" content=\"Tiempo de lectura\" \/>\n\t<meta name=\"twitter:data2\" content=\"1 minuto\" \/>\n<script type=\"application\/ld+json\" class=\"yoast-schema-graph\">{\"@context\":\"https:\\\/\\\/schema.org\",\"@graph\":[{\"@type\":\"Article\",\"@id\":\"https:\\\/\\\/itpatagonia.com\\\/blog\\\/diversidad-en-el-trabajo-en-tecnologia#article\",\"isPartOf\":{\"@id\":\"https:\\\/\\\/itpatagonia.com\\\/blog\\\/diversidad-en-el-trabajo-en-tecnologia\"},\"author\":{\"name\":\"Valeria Frick\",\"@id\":\"https:\\\/\\\/itpatagonia.com\\\/#\\\/schema\\\/person\\\/ac8661c9cfc3e2a5a865f0fe97c9e1bb\"},\"headline\":\"Diversidad en el trabajo: c\u00f3mo evitar la trampa de la homogeneidad y potenciar una mayor productividad, competitividad e innovaci\u00f3n\u00a0\",\"datePublished\":\"2025-09-17T06:00:00+00:00\",\"dateModified\":\"2026-04-13T20:09:59+00:00\",\"mainEntityOfPage\":{\"@id\":\"https:\\\/\\\/itpatagonia.com\\\/blog\\\/diversidad-en-el-trabajo-en-tecnologia\"},\"wordCount\":2251,\"publisher\":{\"@id\":\"https:\\\/\\\/itpatagonia.com\\\/#organization\"},\"image\":{\"@id\":\"https:\\\/\\\/itpatagonia.com\\\/blog\\\/diversidad-en-el-trabajo-en-tecnologia#primaryimage\"},\"thumbnailUrl\":\"https:\\\/\\\/itpatagonia.com\\\/wp-content\\\/uploads\\\/2025\\\/09\\\/Diversidad-Portada-ES-scaled.png\",\"keywords\":[\"diversidad\",\"equipos inclusivos\",\"Inclusi\u00f3n\"],\"articleSection\":[\"Sostenibilidad\"],\"inLanguage\":\"es\"},{\"@type\":\"WebPage\",\"@id\":\"https:\\\/\\\/itpatagonia.com\\\/blog\\\/diversidad-en-el-trabajo-en-tecnologia\",\"url\":\"https:\\\/\\\/itpatagonia.com\\\/blog\\\/diversidad-en-el-trabajo-en-tecnologia\",\"name\":\"Diversidad en el trabajo c\u00f3mo clave para la competitividad %\",\"isPartOf\":{\"@id\":\"https:\\\/\\\/itpatagonia.com\\\/#website\"},\"primaryImageOfPage\":{\"@id\":\"https:\\\/\\\/itpatagonia.com\\\/blog\\\/diversidad-en-el-trabajo-en-tecnologia#primaryimage\"},\"image\":{\"@id\":\"https:\\\/\\\/itpatagonia.com\\\/blog\\\/diversidad-en-el-trabajo-en-tecnologia#primaryimage\"},\"thumbnailUrl\":\"https:\\\/\\\/itpatagonia.com\\\/wp-content\\\/uploads\\\/2025\\\/09\\\/Diversidad-Portada-ES-scaled.png\",\"datePublished\":\"2025-09-17T06:00:00+00:00\",\"dateModified\":\"2026-04-13T20:09:59+00:00\",\"description\":\"C\u00f3mo evitar la trampa de la homogeneidad en las empresas y construir diversidad en el trabajo como impulsora de competitividad e innovaci\u00f3n.\",\"breadcrumb\":{\"@id\":\"https:\\\/\\\/itpatagonia.com\\\/blog\\\/diversidad-en-el-trabajo-en-tecnologia#breadcrumb\"},\"inLanguage\":\"es\",\"potentialAction\":[{\"@type\":\"ReadAction\",\"target\":[\"https:\\\/\\\/itpatagonia.com\\\/blog\\\/diversidad-en-el-trabajo-en-tecnologia\"]}]},{\"@type\":\"ImageObject\",\"inLanguage\":\"es\",\"@id\":\"https:\\\/\\\/itpatagonia.com\\\/blog\\\/diversidad-en-el-trabajo-en-tecnologia#primaryimage\",\"url\":\"https:\\\/\\\/itpatagonia.com\\\/wp-content\\\/uploads\\\/2025\\\/09\\\/Diversidad-Portada-ES-scaled.png\",\"contentUrl\":\"https:\\\/\\\/itpatagonia.com\\\/wp-content\\\/uploads\\\/2025\\\/09\\\/Diversidad-Portada-ES-scaled.png\",\"width\":2560,\"height\":971,\"caption\":\"Diversidad en el trabajo-IT Patagonia Empresa B\"},{\"@type\":\"BreadcrumbList\",\"@id\":\"https:\\\/\\\/itpatagonia.com\\\/blog\\\/diversidad-en-el-trabajo-en-tecnologia#breadcrumb\",\"itemListElement\":[{\"@type\":\"ListItem\",\"position\":1,\"name\":\"Portada\",\"item\":\"https:\\\/\\\/itpatagonia.com\\\/\"},{\"@type\":\"ListItem\",\"position\":2,\"name\":\"Diversidad en el trabajo: c\u00f3mo evitar la trampa de la homogeneidad y potenciar una mayor productividad, competitividad e innovaci\u00f3n\u00a0\"}]},{\"@type\":\"WebSite\",\"@id\":\"https:\\\/\\\/itpatagonia.com\\\/#website\",\"url\":\"https:\\\/\\\/itpatagonia.com\\\/\",\"name\":\"IT Patagonia\",\"description\":\"\",\"publisher\":{\"@id\":\"https:\\\/\\\/itpatagonia.com\\\/#organization\"},\"potentialAction\":[{\"@type\":\"SearchAction\",\"target\":{\"@type\":\"EntryPoint\",\"urlTemplate\":\"https:\\\/\\\/itpatagonia.com\\\/?s={search_term_string}\"},\"query-input\":{\"@type\":\"PropertyValueSpecification\",\"valueRequired\":true,\"valueName\":\"search_term_string\"}}],\"inLanguage\":\"es\"},{\"@type\":\"Organization\",\"@id\":\"https:\\\/\\\/itpatagonia.com\\\/#organization\",\"name\":\"IT Patagonia\",\"url\":\"https:\\\/\\\/itpatagonia.com\\\/\",\"logo\":{\"@type\":\"ImageObject\",\"inLanguage\":\"es\",\"@id\":\"https:\\\/\\\/itpatagonia.com\\\/#\\\/schema\\\/logo\\\/image\\\/\",\"url\":\"https:\\\/\\\/itpatagonia.com\\\/wp-content\\\/uploads\\\/2023\\\/11\\\/IT-Patagonia-logo-web.png\",\"contentUrl\":\"https:\\\/\\\/itpatagonia.com\\\/wp-content\\\/uploads\\\/2023\\\/11\\\/IT-Patagonia-logo-web.png\",\"width\":350,\"height\":100,\"caption\":\"IT Patagonia\"},\"image\":{\"@id\":\"https:\\\/\\\/itpatagonia.com\\\/#\\\/schema\\\/logo\\\/image\\\/\"},\"sameAs\":[\"https:\\\/\\\/www.linkedin.com\\\/company\\\/itpatagonia\\\/\"]},{\"@type\":\"Person\",\"@id\":\"https:\\\/\\\/itpatagonia.com\\\/#\\\/schema\\\/person\\\/ac8661c9cfc3e2a5a865f0fe97c9e1bb\",\"name\":\"Valeria Frick\",\"url\":\"https:\\\/\\\/itpatagonia.com\\\/es\\\/blog\\\/author\\\/vfrick\"}]}<\/script>\n<!-- \/ Yoast SEO plugin. -->","yoast_head_json":{"title":"Diversidad en el trabajo c\u00f3mo clave para la competitividad %","description":"C\u00f3mo evitar la trampa de la homogeneidad en las empresas y construir diversidad en el trabajo como impulsora de competitividad e innovaci\u00f3n.","robots":{"index":"index","follow":"follow","max-snippet":"max-snippet:-1","max-image-preview":"max-image-preview:large","max-video-preview":"max-video-preview:-1"},"canonical":"https:\/\/itpatagonia.com\/es\/blog\/diversidad-en-el-trabajo-en-tecnologia\/","og_locale":"es_ES","og_type":"article","og_title":"Diversidad en el trabajo c\u00f3mo clave para la competitividad %","og_description":"C\u00f3mo evitar la trampa de la homogeneidad en las empresas y construir diversidad en el trabajo como impulsora de competitividad e innovaci\u00f3n.","og_url":"https:\/\/itpatagonia.com\/es\/blog\/diversidad-en-el-trabajo-en-tecnologia\/","og_site_name":"IT Patagonia","article_published_time":"2025-09-17T06:00:00+00:00","article_modified_time":"2026-04-13T20:09:59+00:00","og_image":[{"width":2560,"height":971,"url":"https:\/\/itpatagonia.com\/wp-content\/uploads\/2025\/09\/Diversidad-Portada-ES-scaled.png","type":"image\/png"}],"author":"Valeria Frick","twitter_card":"summary_large_image","twitter_misc":{"Escrito por":"Valeria Frick","Tiempo de lectura":"1 minuto"},"schema":{"@context":"https:\/\/schema.org","@graph":[{"@type":"Article","@id":"https:\/\/itpatagonia.com\/blog\/diversidad-en-el-trabajo-en-tecnologia#article","isPartOf":{"@id":"https:\/\/itpatagonia.com\/blog\/diversidad-en-el-trabajo-en-tecnologia"},"author":{"name":"Valeria Frick","@id":"https:\/\/itpatagonia.com\/#\/schema\/person\/ac8661c9cfc3e2a5a865f0fe97c9e1bb"},"headline":"Diversidad en el trabajo: c\u00f3mo evitar la trampa de la homogeneidad y potenciar una mayor productividad, competitividad e innovaci\u00f3n\u00a0","datePublished":"2025-09-17T06:00:00+00:00","dateModified":"2026-04-13T20:09:59+00:00","mainEntityOfPage":{"@id":"https:\/\/itpatagonia.com\/blog\/diversidad-en-el-trabajo-en-tecnologia"},"wordCount":2251,"publisher":{"@id":"https:\/\/itpatagonia.com\/#organization"},"image":{"@id":"https:\/\/itpatagonia.com\/blog\/diversidad-en-el-trabajo-en-tecnologia#primaryimage"},"thumbnailUrl":"https:\/\/itpatagonia.com\/wp-content\/uploads\/2025\/09\/Diversidad-Portada-ES-scaled.png","keywords":["diversidad","equipos inclusivos","Inclusi\u00f3n"],"articleSection":["Sostenibilidad"],"inLanguage":"es"},{"@type":"WebPage","@id":"https:\/\/itpatagonia.com\/blog\/diversidad-en-el-trabajo-en-tecnologia","url":"https:\/\/itpatagonia.com\/blog\/diversidad-en-el-trabajo-en-tecnologia","name":"Diversidad en el trabajo c\u00f3mo clave para la competitividad %","isPartOf":{"@id":"https:\/\/itpatagonia.com\/#website"},"primaryImageOfPage":{"@id":"https:\/\/itpatagonia.com\/blog\/diversidad-en-el-trabajo-en-tecnologia#primaryimage"},"image":{"@id":"https:\/\/itpatagonia.com\/blog\/diversidad-en-el-trabajo-en-tecnologia#primaryimage"},"thumbnailUrl":"https:\/\/itpatagonia.com\/wp-content\/uploads\/2025\/09\/Diversidad-Portada-ES-scaled.png","datePublished":"2025-09-17T06:00:00+00:00","dateModified":"2026-04-13T20:09:59+00:00","description":"C\u00f3mo evitar la trampa de la homogeneidad en las empresas y construir diversidad en el trabajo como impulsora de competitividad e innovaci\u00f3n.","breadcrumb":{"@id":"https:\/\/itpatagonia.com\/blog\/diversidad-en-el-trabajo-en-tecnologia#breadcrumb"},"inLanguage":"es","potentialAction":[{"@type":"ReadAction","target":["https:\/\/itpatagonia.com\/blog\/diversidad-en-el-trabajo-en-tecnologia"]}]},{"@type":"ImageObject","inLanguage":"es","@id":"https:\/\/itpatagonia.com\/blog\/diversidad-en-el-trabajo-en-tecnologia#primaryimage","url":"https:\/\/itpatagonia.com\/wp-content\/uploads\/2025\/09\/Diversidad-Portada-ES-scaled.png","contentUrl":"https:\/\/itpatagonia.com\/wp-content\/uploads\/2025\/09\/Diversidad-Portada-ES-scaled.png","width":2560,"height":971,"caption":"Diversidad en el trabajo-IT Patagonia Empresa B"},{"@type":"BreadcrumbList","@id":"https:\/\/itpatagonia.com\/blog\/diversidad-en-el-trabajo-en-tecnologia#breadcrumb","itemListElement":[{"@type":"ListItem","position":1,"name":"Portada","item":"https:\/\/itpatagonia.com\/"},{"@type":"ListItem","position":2,"name":"Diversidad en el trabajo: c\u00f3mo evitar la trampa de la homogeneidad y potenciar una mayor productividad, competitividad e innovaci\u00f3n\u00a0"}]},{"@type":"WebSite","@id":"https:\/\/itpatagonia.com\/#website","url":"https:\/\/itpatagonia.com\/","name":"IT Patagonia","description":"","publisher":{"@id":"https:\/\/itpatagonia.com\/#organization"},"potentialAction":[{"@type":"SearchAction","target":{"@type":"EntryPoint","urlTemplate":"https:\/\/itpatagonia.com\/?s={search_term_string}"},"query-input":{"@type":"PropertyValueSpecification","valueRequired":true,"valueName":"search_term_string"}}],"inLanguage":"es"},{"@type":"Organization","@id":"https:\/\/itpatagonia.com\/#organization","name":"IT Patagonia","url":"https:\/\/itpatagonia.com\/","logo":{"@type":"ImageObject","inLanguage":"es","@id":"https:\/\/itpatagonia.com\/#\/schema\/logo\/image\/","url":"https:\/\/itpatagonia.com\/wp-content\/uploads\/2023\/11\/IT-Patagonia-logo-web.png","contentUrl":"https:\/\/itpatagonia.com\/wp-content\/uploads\/2023\/11\/IT-Patagonia-logo-web.png","width":350,"height":100,"caption":"IT Patagonia"},"image":{"@id":"https:\/\/itpatagonia.com\/#\/schema\/logo\/image\/"},"sameAs":["https:\/\/www.linkedin.com\/company\/itpatagonia\/"]},{"@type":"Person","@id":"https:\/\/itpatagonia.com\/#\/schema\/person\/ac8661c9cfc3e2a5a865f0fe97c9e1bb","name":"Valeria Frick","url":"https:\/\/itpatagonia.com\/es\/blog\/author\/vfrick"}]}},"_links":{"self":[{"href":"https:\/\/itpatagonia.com\/es\/wp-json\/wp\/v2\/posts\/25265","targetHints":{"allow":["GET"]}}],"collection":[{"href":"https:\/\/itpatagonia.com\/es\/wp-json\/wp\/v2\/posts"}],"about":[{"href":"https:\/\/itpatagonia.com\/es\/wp-json\/wp\/v2\/types\/post"}],"author":[{"embeddable":true,"href":"https:\/\/itpatagonia.com\/es\/wp-json\/wp\/v2\/users\/3"}],"replies":[{"embeddable":true,"href":"https:\/\/itpatagonia.com\/es\/wp-json\/wp\/v2\/comments?post=25265"}],"version-history":[{"count":4,"href":"https:\/\/itpatagonia.com\/es\/wp-json\/wp\/v2\/posts\/25265\/revisions"}],"predecessor-version":[{"id":28442,"href":"https:\/\/itpatagonia.com\/es\/wp-json\/wp\/v2\/posts\/25265\/revisions\/28442"}],"wp:featuredmedia":[{"embeddable":true,"href":"https:\/\/itpatagonia.com\/es\/wp-json\/wp\/v2\/media\/25872"}],"wp:attachment":[{"href":"https:\/\/itpatagonia.com\/es\/wp-json\/wp\/v2\/media?parent=25265"}],"wp:term":[{"taxonomy":"category","embeddable":true,"href":"https:\/\/itpatagonia.com\/es\/wp-json\/wp\/v2\/categories?post=25265"},{"taxonomy":"post_tag","embeddable":true,"href":"https:\/\/itpatagonia.com\/es\/wp-json\/wp\/v2\/tags?post=25265"}],"curies":[{"name":"wp","href":"https:\/\/api.w.org\/{rel}","templated":true}]}}